{"id":131546,"date":"2024-05-16T15:08:42","date_gmt":"2024-05-16T15:08:42","guid":{"rendered":"https:\/\/qrealo.cl\/gimnorte\/index.php\/2024\/05\/16\/gimnasio-del-norte-transformacion-avances-y-retos-desde-la-llegada-de-redcol-a-valledupar\/"},"modified":"2024-05-16T15:08:42","modified_gmt":"2024-05-16T15:08:42","slug":"gimnasio-del-norte-transformacion-avances-y-retos-desde-la-llegada-de-redcol-a-valledupar","status":"publish","type":"school-news","link":"https:\/\/gimnorte.edu.co\/es\/school-news\/gimnasio-del-norte-transformacion-avances-y-retos-desde-la-llegada-de-redcol-a-valledupar\/","title":{"rendered":"Gimnasio del Norte: Transformaci\u00f3n, avances y retos desde la llegada de Redcol a Valledupar"},"content":{"rendered":"<p>Hace dos a\u00f1os Redcol vio en Valledupar una ciudad propicia para ampliar su presencia en la regi\u00f3n Caribe, considerando el potencial y el desarrollo de la capital del Cesar. El Gimnasio del Norte fue la instituci\u00f3n elegida para incorporarse a la red de colegios m\u00e1s importante del pa\u00eds, teniendo en cuenta su trascendencia y aportes a esta zona de Colombia.<\/p>\n<p><!--more--><\/p>\n<p>Redcol se decidi\u00f3 por darle un nuevo comienzo a la historia del Gimnorte y de Valledupar. <strong>\u201cLuego de un diagn\u00f3stico de necesidades, una de las primeras acciones de Redcol para optimizar los procesos educativos en la instituci\u00f3n fue la modernizaci\u00f3n de la planta f\u00edsica y el mobiliario del colegio, que incluy\u00f3 la dotaci\u00f3n de aire acondicionado para todos los lugares cerrados y aulas del colegio, pero tambi\u00e9n la transformaci\u00f3n tanto de las instalaciones en espacios emocionalmente seguros para el aprendizaje, como del trabajo de los docentes y dem\u00e1s colaboradores\u201d, asegur\u00f3 e<\/strong>l <strong>Rector del Gimnasio del Norte, Jorge \u00c1vila Urrea<\/strong> quien adem\u00e1s explic\u00f3 que este trabajo signific\u00f3 un gran esfuerzo y una inversi\u00f3n millonaria.<\/p>\n<p>&nbsp;<\/p>\n<p>Adem\u00e1s de la necesaria adecuaci\u00f3n de infraestructura, Redcol se ha enfocado en ofrecer un servicio educativo de alta calidad que permita a los estudiantes conectarse globalmente y enfrentar exitosamente los desaf\u00edos del mundo, que procura, adem\u00e1s de una mayor exigencia y competencias acad\u00e9micas, desarrollar el potencial humano, el talento, las habilidades y aportar al desarrollo del liderazgo de los m\u00e1s de 800 estudiantes de la Casa Grande, para que sean verdaderos agentes de cambio.<\/p>\n<p><img decoding=\"async\" src=\"https:\/\/gimnorte.edu.co\/wp-content\/uploads\/sites\/29\/2025\/01\/mapa-articulo-web-3.png\" alt=\"mapa-arti\u0301culo-web\" width=\"600\" style=\"width: 600px\"><\/p>\n<p>Precisamente para ser coherentes con lo que el colegio pretende, brindan una nutrida y variada gama de experiencias internacionales que se ofrece a los estudiantes en diferentes momentos de su escolaridad y trabajan intensamente en la construcci\u00f3n de un ambiente multicultural que permita enriquecer la cosmovisi\u00f3n de quienes conforman el Gimnorte. <strong>\u201cTodo esto tambi\u00e9n de la mano de profesores bien preparados, algunos de ellos extranjeros, que se sienten orgullosos de haber elegido la educaci\u00f3n como proyecto de vida\u201d, puntualiz\u00f3 \u00c1vila Urrea.<\/strong> La construcci\u00f3n de alianzas internacionales con universidades ubicadas en diferentes pa\u00edses tambi\u00e9n es una meta constante del colegio ya que se espera ofrecer a los exalumnos la posibilidad de continuar sus estudios de educaci\u00f3n superior en ellas.<\/p>\n<p>El Gimnasio del Norte es la \u00fanica instituci\u00f3n educativa que en el departamento adquiri\u00f3 el denominado \u201cInternational Early Years Curriculum\u201d (IEYC), por su sigla en ingl\u00e9s, curr\u00edculo que plantea un novedoso plan de estudios de gran aceptaci\u00f3n internacional, que busca fortalecer la educaci\u00f3n en la primera infancia. El prop\u00f3sito de esta propuesta se basa en el desarrollo de habilidades y competencias que potencien los aprendizajes significativos, en los que el protagonista es el propio estudiante y el profesor es un gu\u00eda fundamental en el proceso. El IEYC desarrolla el \u201cProject Based Learning\u201d (PBL), metodolog\u00eda que se enfoca en el aprendizaje basado en la elaboraci\u00f3n de proyectos, que se construyen colaborativamente gracias a la interacci\u00f3n intelectual de los estudiantes.<\/p>\n<p>Generar un impacto social en la regi\u00f3n, desde la misi\u00f3n y proyecci\u00f3n del Gimnorte, ha sido una de las metas trazadas por Redcol a su llegada a Valledupar. Para cumplir esta tarea se cre\u00f3 una Mesa de Impacto Social, ideada para establecer un v\u00ednculo fuerte con las fuerzas vivas del Cesar (gremios, medios masivos, iglesia y fuerza p\u00fablica), trabajando en la construcci\u00f3n de espacios de di\u00e1logo permanente, que busca fortalecer la participaci\u00f3n de la comunidad educativa en los acontecimientos de mayor relevancia e inter\u00e9s en el departamento. En este cuerpo consultor se han generado propuestas de acci\u00f3n destinadas a atender problem\u00e1ticas concretas en la ciudad, siendo el Gimnasio del Norte una instituci\u00f3n comprometida con la transformaci\u00f3n y superaci\u00f3n de estas realidades sociales.&nbsp;<\/p>\n<p>En este escenario, que incluye notables transformaciones y avances, el Gimnasio del Norte se prepara para celebrar el aniversario 38 de su fundaci\u00f3n y dos a\u00f1os de la llegada de Redcol, lo que ha permitido la consolidaci\u00f3n del colegio como una de las instituciones m\u00e1s importantes de la regi\u00f3n y que no ha escatimado esfuerzos en recursos econ\u00f3micos, humanos e institucionales para mejorar la calidad de su servicio educativo, siempre atendiendo la verdadera raz\u00f3n de ser del plantel: sus estudiantes.<\/p><\/p>\n","protected":false},"excerpt":{"rendered":"<p>Hace dos a\u00f1os Redcol vio en Valledupar una ciudad propicia para ampliar su presencia en la regi\u00f3n Caribe, considerando el potencial y el desarrollo de la capital del Cesar. El Gimnasio del Norte fue la instituci\u00f3n elegida para incorporarse a la red de colegios m\u00e1s importante del pa\u00eds, teniendo en cuenta su trascendencia y aportes a esta zona de Colombia.<\/p>\n","protected":false},"featured_media":34,"template":"","class_list":["post-131546","school-news","type-school-news","status-publish","has-post-thumbnail","hentry"],"acf":[],"yoast_head":"<!-- This site is optimized with the Yoast SEO plugin v27.1.1 - https:\/\/yoast.com\/product\/yoast-seo-wordpress\/ -->\n<title>Gimnasio del Norte: Transformaci\u00f3n, avances y retos desde la llegada de Redcol a Valledupar - Gimnasio del Norte | Colegios Redcol<\/title>\n<meta name=\"robots\" content=\"index, follow, max-snippet:-1, max-image-preview:large, max-video-preview:-1\" \/>\n<link rel=\"canonical\" href=\"https:\/\/gimnorte.edu.co\/es\/school-news\/gimnasio-del-norte-transformacion-avances-y-retos-desde-la-llegada-de-redcol-a-valledupar\/\" \/>\n<meta property=\"og:locale\" content=\"es_ES\" \/>\n<meta property=\"og:type\" content=\"article\" \/>\n<meta property=\"og:title\" content=\"Gimnasio del Norte: Transformaci\u00f3n, avances y retos desde la llegada de Redcol a Valledupar - Gimnasio del Norte | Colegios Redcol\" \/>\n<meta property=\"og:description\" content=\"Hace dos a\u00f1os Redcol vio en Valledupar una ciudad propicia para ampliar su presencia en la regi\u00f3n Caribe, considerando el potencial y el desarrollo de la capital del Cesar. El Gimnasio del Norte fue la instituci\u00f3n elegida para incorporarse a la red de colegios m\u00e1s importante del pa\u00eds, teniendo en cuenta su trascendencia y aportes a esta zona de Colombia.\" \/>\n<meta property=\"og:url\" content=\"https:\/\/gimnorte.edu.co\/es\/school-news\/gimnasio-del-norte-transformacion-avances-y-retos-desde-la-llegada-de-redcol-a-valledupar\/\" \/>\n<meta property=\"og:site_name\" content=\"Gimnasio del Norte | Colegios Redcol\" \/>\n<meta property=\"article:publisher\" content=\"https:\/\/www.facebook.com\/gimnasiodelnorte.valledupar\/\" \/>\n<meta property=\"og:image\" content=\"https:\/\/gimnorte.edu.co\/wp-content\/uploads\/sites\/29\/2025\/01\/mapa-articulo-web-3.png\" \/>\n<meta name=\"twitter:card\" content=\"summary_large_image\" \/>\n<meta name=\"twitter:label1\" content=\"Tiempo de lectura\" \/>\n\t<meta name=\"twitter:data1\" content=\"4 minutos\" \/>\n<script type=\"application\/ld+json\" class=\"yoast-schema-graph\">{\"@context\":\"https:\/\/schema.org\",\"@graph\":[{\"@type\":\"WebPage\",\"@id\":\"https:\/\/gimnorte.edu.co\/es\/school-news\/gimnasio-del-norte-transformacion-avances-y-retos-desde-la-llegada-de-redcol-a-valledupar\/\",\"url\":\"https:\/\/gimnorte.edu.co\/es\/school-news\/gimnasio-del-norte-transformacion-avances-y-retos-desde-la-llegada-de-redcol-a-valledupar\/\",\"name\":\"Gimnasio del Norte: Transformaci\u00f3n, avances y retos desde la llegada de Redcol a Valledupar - Gimnasio del Norte | Colegios Redcol\",\"isPartOf\":{\"@id\":\"https:\/\/gimnorte.edu.co\/es\/#website\"},\"primaryImageOfPage\":{\"@id\":\"https:\/\/gimnorte.edu.co\/es\/school-news\/gimnasio-del-norte-transformacion-avances-y-retos-desde-la-llegada-de-redcol-a-valledupar\/#primaryimage\"},\"image\":{\"@id\":\"https:\/\/gimnorte.edu.co\/es\/school-news\/gimnasio-del-norte-transformacion-avances-y-retos-desde-la-llegada-de-redcol-a-valledupar\/#primaryimage\"},\"thumbnailUrl\":\"https:\/\/gimnorte.edu.co\/wp-content\/uploads\/sites\/29\/2025\/01\/foto-articulo-web.png\",\"datePublished\":\"2024-05-16T15:08:42+00:00\",\"breadcrumb\":{\"@id\":\"https:\/\/gimnorte.edu.co\/es\/school-news\/gimnasio-del-norte-transformacion-avances-y-retos-desde-la-llegada-de-redcol-a-valledupar\/#breadcrumb\"},\"inLanguage\":\"es\",\"potentialAction\":[{\"@type\":\"ReadAction\",\"target\":[\"https:\/\/gimnorte.edu.co\/es\/school-news\/gimnasio-del-norte-transformacion-avances-y-retos-desde-la-llegada-de-redcol-a-valledupar\/\"]}]},{\"@type\":\"ImageObject\",\"inLanguage\":\"es\",\"@id\":\"https:\/\/gimnorte.edu.co\/es\/school-news\/gimnasio-del-norte-transformacion-avances-y-retos-desde-la-llegada-de-redcol-a-valledupar\/#primaryimage\",\"url\":\"https:\/\/gimnorte.edu.co\/wp-content\/uploads\/sites\/29\/2025\/01\/foto-articulo-web.png\",\"contentUrl\":\"https:\/\/gimnorte.edu.co\/wp-content\/uploads\/sites\/29\/2025\/01\/foto-articulo-web.png\",\"width\":533,\"height\":331},{\"@type\":\"BreadcrumbList\",\"@id\":\"https:\/\/gimnorte.edu.co\/es\/school-news\/gimnasio-del-norte-transformacion-avances-y-retos-desde-la-llegada-de-redcol-a-valledupar\/#breadcrumb\",\"itemListElement\":[{\"@type\":\"ListItem\",\"position\":1,\"name\":\"Home\",\"item\":\"https:\/\/gimnorte.edu.co\/es\/\"},{\"@type\":\"ListItem\",\"position\":2,\"name\":\"Gimnasio del Norte: Transformaci\u00f3n, avances y retos desde la llegada de Redcol a Valledupar\"}]},{\"@type\":\"WebSite\",\"@id\":\"https:\/\/gimnorte.edu.co\/es\/#website\",\"url\":\"https:\/\/gimnorte.edu.co\/es\/\",\"name\":\"Gimnasio del Norte | Colegios Redcol\",\"description\":\"El Gimnasio del Norte es un colegio de excelencia acad\u00e9mica, abr\u00edmos las  puertas de nuestra Casa Grande para estudiantes desde los 12 meses de edad.\",\"publisher\":{\"@id\":\"https:\/\/gimnorte.edu.co\/es\/#organization\"},\"potentialAction\":[{\"@type\":\"SearchAction\",\"target\":{\"@type\":\"EntryPoint\",\"urlTemplate\":\"https:\/\/gimnorte.edu.co\/es\/?s={search_term_string}\"},\"query-input\":{\"@type\":\"PropertyValueSpecification\",\"valueRequired\":true,\"valueName\":\"search_term_string\"}}],\"inLanguage\":\"es\"},{\"@type\":\"Organization\",\"@id\":\"https:\/\/gimnorte.edu.co\/es\/#organization\",\"name\":\"Gimnasio del Norte | Colegios Redcol\",\"url\":\"https:\/\/gimnorte.edu.co\/es\/\",\"logo\":{\"@type\":\"ImageObject\",\"inLanguage\":\"es\",\"@id\":\"https:\/\/gimnorte.edu.co\/es\/#\/schema\/logo\/image\/\",\"url\":\"https:\/\/gimnorte.edu.co\/wp-content\/uploads\/sites\/29\/2024\/11\/Logo_Gimnasio_del_Norte.png\",\"contentUrl\":\"https:\/\/gimnorte.edu.co\/wp-content\/uploads\/sites\/29\/2024\/11\/Logo_Gimnasio_del_Norte.png\",\"width\":808,\"height\":389,\"caption\":\"Gimnasio del Norte | Colegios Redcol\"},\"image\":{\"@id\":\"https:\/\/gimnorte.edu.co\/es\/#\/schema\/logo\/image\/\"},\"sameAs\":[\"https:\/\/www.facebook.com\/gimnasiodelnorte.valledupar\/\",\"https:\/\/www.instagram.com\/gimnortevup\/\",\"https:\/\/www.youtube.com\/user\/ZONANORTETVGIMNORTE\"]}]}<\/script>\n<!-- \/ Yoast SEO plugin. -->","yoast_head_json":{"title":"Gimnasio del Norte: Transformaci\u00f3n, avances y retos desde la llegada de Redcol a Valledupar - Gimnasio del Norte | Colegios Redcol","robots":{"index":"index","follow":"follow","max-snippet":"max-snippet:-1","max-image-preview":"max-image-preview:large","max-video-preview":"max-video-preview:-1"},"canonical":"https:\/\/gimnorte.edu.co\/es\/school-news\/gimnasio-del-norte-transformacion-avances-y-retos-desde-la-llegada-de-redcol-a-valledupar\/","og_locale":"es_ES","og_type":"article","og_title":"Gimnasio del Norte: Transformaci\u00f3n, avances y retos desde la llegada de Redcol a Valledupar - Gimnasio del Norte | Colegios Redcol","og_description":"Hace dos a\u00f1os Redcol vio en Valledupar una ciudad propicia para ampliar su presencia en la regi\u00f3n Caribe, considerando el potencial y el desarrollo de la capital del Cesar. El Gimnasio del Norte fue la instituci\u00f3n elegida para incorporarse a la red de colegios m\u00e1s importante del pa\u00eds, teniendo en cuenta su trascendencia y aportes a esta zona de Colombia.","og_url":"https:\/\/gimnorte.edu.co\/es\/school-news\/gimnasio-del-norte-transformacion-avances-y-retos-desde-la-llegada-de-redcol-a-valledupar\/","og_site_name":"Gimnasio del Norte | Colegios Redcol","article_publisher":"https:\/\/www.facebook.com\/gimnasiodelnorte.valledupar\/","og_image":[{"url":"https:\/\/gimnorte.edu.co\/wp-content\/uploads\/sites\/29\/2025\/01\/mapa-articulo-web-3.png","type":"","width":"","height":""}],"twitter_card":"summary_large_image","twitter_misc":{"Tiempo de lectura":"4 minutos"},"schema":{"@context":"https:\/\/schema.org","@graph":[{"@type":"WebPage","@id":"https:\/\/gimnorte.edu.co\/es\/school-news\/gimnasio-del-norte-transformacion-avances-y-retos-desde-la-llegada-de-redcol-a-valledupar\/","url":"https:\/\/gimnorte.edu.co\/es\/school-news\/gimnasio-del-norte-transformacion-avances-y-retos-desde-la-llegada-de-redcol-a-valledupar\/","name":"Gimnasio del Norte: Transformaci\u00f3n, avances y retos desde la llegada de Redcol a Valledupar - Gimnasio del Norte | Colegios Redcol","isPartOf":{"@id":"https:\/\/gimnorte.edu.co\/es\/#website"},"primaryImageOfPage":{"@id":"https:\/\/gimnorte.edu.co\/es\/school-news\/gimnasio-del-norte-transformacion-avances-y-retos-desde-la-llegada-de-redcol-a-valledupar\/#primaryimage"},"image":{"@id":"https:\/\/gimnorte.edu.co\/es\/school-news\/gimnasio-del-norte-transformacion-avances-y-retos-desde-la-llegada-de-redcol-a-valledupar\/#primaryimage"},"thumbnailUrl":"https:\/\/gimnorte.edu.co\/wp-content\/uploads\/sites\/29\/2025\/01\/foto-articulo-web.png","datePublished":"2024-05-16T15:08:42+00:00","breadcrumb":{"@id":"https:\/\/gimnorte.edu.co\/es\/school-news\/gimnasio-del-norte-transformacion-avances-y-retos-desde-la-llegada-de-redcol-a-valledupar\/#breadcrumb"},"inLanguage":"es","potentialAction":[{"@type":"ReadAction","target":["https:\/\/gimnorte.edu.co\/es\/school-news\/gimnasio-del-norte-transformacion-avances-y-retos-desde-la-llegada-de-redcol-a-valledupar\/"]}]},{"@type":"ImageObject","inLanguage":"es","@id":"https:\/\/gimnorte.edu.co\/es\/school-news\/gimnasio-del-norte-transformacion-avances-y-retos-desde-la-llegada-de-redcol-a-valledupar\/#primaryimage","url":"https:\/\/gimnorte.edu.co\/wp-content\/uploads\/sites\/29\/2025\/01\/foto-articulo-web.png","contentUrl":"https:\/\/gimnorte.edu.co\/wp-content\/uploads\/sites\/29\/2025\/01\/foto-articulo-web.png","width":533,"height":331},{"@type":"BreadcrumbList","@id":"https:\/\/gimnorte.edu.co\/es\/school-news\/gimnasio-del-norte-transformacion-avances-y-retos-desde-la-llegada-de-redcol-a-valledupar\/#breadcrumb","itemListElement":[{"@type":"ListItem","position":1,"name":"Home","item":"https:\/\/gimnorte.edu.co\/es\/"},{"@type":"ListItem","position":2,"name":"Gimnasio del Norte: Transformaci\u00f3n, avances y retos desde la llegada de Redcol a Valledupar"}]},{"@type":"WebSite","@id":"https:\/\/gimnorte.edu.co\/es\/#website","url":"https:\/\/gimnorte.edu.co\/es\/","name":"Gimnasio del Norte | Colegios Redcol","description":"El Gimnasio del Norte es un colegio de excelencia acad\u00e9mica, abr\u00edmos las  puertas de nuestra Casa Grande para estudiantes desde los 12 meses de edad.","publisher":{"@id":"https:\/\/gimnorte.edu.co\/es\/#organization"},"potentialAction":[{"@type":"SearchAction","target":{"@type":"EntryPoint","urlTemplate":"https:\/\/gimnorte.edu.co\/es\/?s={search_term_string}"},"query-input":{"@type":"PropertyValueSpecification","valueRequired":true,"valueName":"search_term_string"}}],"inLanguage":"es"},{"@type":"Organization","@id":"https:\/\/gimnorte.edu.co\/es\/#organization","name":"Gimnasio del Norte | Colegios Redcol","url":"https:\/\/gimnorte.edu.co\/es\/","logo":{"@type":"ImageObject","inLanguage":"es","@id":"https:\/\/gimnorte.edu.co\/es\/#\/schema\/logo\/image\/","url":"https:\/\/gimnorte.edu.co\/wp-content\/uploads\/sites\/29\/2024\/11\/Logo_Gimnasio_del_Norte.png","contentUrl":"https:\/\/gimnorte.edu.co\/wp-content\/uploads\/sites\/29\/2024\/11\/Logo_Gimnasio_del_Norte.png","width":808,"height":389,"caption":"Gimnasio del Norte | Colegios Redcol"},"image":{"@id":"https:\/\/gimnorte.edu.co\/es\/#\/schema\/logo\/image\/"},"sameAs":["https:\/\/www.facebook.com\/gimnasiodelnorte.valledupar\/","https:\/\/www.instagram.com\/gimnortevup\/","https:\/\/www.youtube.com\/user\/ZONANORTETVGIMNORTE"]}]}},"jetpack_sharing_enabled":true,"_links":{"self":[{"href":"https:\/\/gimnorte.edu.co\/es\/wp-json\/wp\/v2\/school-news\/131546","targetHints":{"allow":["GET"]}}],"collection":[{"href":"https:\/\/gimnorte.edu.co\/es\/wp-json\/wp\/v2\/school-news"}],"about":[{"href":"https:\/\/gimnorte.edu.co\/es\/wp-json\/wp\/v2\/types\/school-news"}],"version-history":[{"count":0,"href":"https:\/\/gimnorte.edu.co\/es\/wp-json\/wp\/v2\/school-news\/131546\/revisions"}],"wp:featuredmedia":[{"embeddable":true,"href":"https:\/\/gimnorte.edu.co\/es\/wp-json\/wp\/v2\/media\/34"}],"wp:attachment":[{"href":"https:\/\/gimnorte.edu.co\/es\/wp-json\/wp\/v2\/media?parent=131546"}],"curies":[{"name":"wp","href":"https:\/\/api.w.org\/{rel}","templated":true}]}}